{"id":1730,"date":"2020-08-05T03:54:29","date_gmt":"2020-08-05T03:54:29","guid":{"rendered":"https:\/\/leviu.co\/?p=1730"},"modified":"2021-12-11T16:43:03","modified_gmt":"2021-12-11T21:43:03","slug":"multimasking-multifacetica-%e2%9c%a8","status":"publish","type":"post","link":"https:\/\/leviu.co\/en\/multimasking-multifacetica-%e2%9c%a8\/","title":{"rendered":"Multimasking Multifac\u00e9tica \u2728"},"content":{"rendered":"<p>[et_pb_section fb_built=\u00bb1&#8243; _builder_version=\u00bb4.4.8&#8243;][et_pb_row _builder_version=\u00bb4.5.1&#8243; _module_preset=\u00bbdefault\u00bb][et_pb_column type=\u00bb4_4&#8243; _builder_version=\u00bb4.5.1&#8243; _module_preset=\u00bbdefault\u00bb][et_pb_text _builder_version=\u00bb4.5.1&#8243; _module_preset=\u00bbdefault\u00bb text_font=\u00bbLato||||||||\u00bb text_text_color=\u00bb#99b4b5&#8243;]<\/p>\n<ul>\n<li><a href=\"#multimasking\">\u00bfQu\u00e9 es el Multimasking y qu\u00e9 beneficios me da?<\/a><\/li>\n<li><a href=\"#eficacia\">\u00bfRealmente es eficaz el Multimasking?<\/a><\/li>\n<li><a href=\"#pielmixta\">Piel mixta \u00bfComo puedo aplicar Multimasking?<\/a><\/li>\n<li><a href=\"#pielseca\">Piel seca \u00bfComo usar la t\u00e9cnica?<\/a><\/li>\n<li><a href=\"#pielgrasa\">Piel grasa y acn\u00e9 \u00bfComo me ayudara?<\/a><\/li>\n<\/ul>\n<p>[\/et_pb_text][\/et_pb_column][\/et_pb_row][et_pb_row module_id=\u00bbmultimasking\u00bb _builder_version=\u00bb4.5.1&#8243; _module_preset=\u00bbdefault\u00bb][et_pb_column type=\u00bb4_4&#8243; _builder_version=\u00bb4.5.1&#8243; _module_preset=\u00bbdefault\u00bb][et_pb_text _builder_version=\u00bb4.5.1&#8243; _module_preset=\u00bbdefault\u00bb text_font=\u00bbLato||||||||\u00bb text_font_size=\u00bb15px\u00bb header_font_size=\u00bb18px\u00bb]<\/p>\n<h3><span style=\"color: #008080; font-family: Arial, sans-serif;\">Multimasking y sus beneficios<\/span><\/h3>\n<p style=\"background: white; vertical-align: baseline; margin: 7.5pt 0cm 7.5pt 0cm;\"><span style=\"font-family: 'Arial','sans-serif';\">Con seguridad ya has visto en redes sociales chicas con mascarillas de diferentes colores en el rostro y aunque debemos aceptar que es una tendencia, tambi\u00e9n debemos aclarar que esto tiene su explicaci\u00f3n a nivel de cuidado facial muy relevante a nivel dermatol\u00f3gico.<\/span><\/p>\n<p style=\"background: white; vertical-align: baseline; margin: 7.5pt 0cm 7.5pt 0cm;\"><span style=\"font-family: 'Arial','sans-serif';\">B\u00e1sicamente es realizar la aplicaci\u00f3n de mascarillas con diferentes beneficios en el rostro, de acuerdo a la necesidad que tenga cada zona del rostro.<\/span><\/p>\n<p style=\"background: white; vertical-align: baseline; margin: 7.5pt 0cm 7.5pt 0cm;\"><span style=\"font-family: 'Arial','sans-serif';\">\u00bfBeneficios? Muchos:<\/span><\/p>\n<p style=\"background: white; vertical-align: baseline; margin: 7.5pt 0cm 7.5pt 0cm;\"><span style=\"font-family: 'Arial','sans-serif';\">Por lo general las diferentes zonas del rostro en nuestra piel latina, tienden a tener aspecto y necesidades diferentes, por ejemplo, en la zona T vamos a ver una tendencia a tener m\u00e1s acumulaci\u00f3n o exceso de grasa, as\u00ed como m\u00e1s tendencia al acn\u00e9, espinillas y poros abiertos mientras que en zonas como las mejillas necesitaremos m\u00e1s hidrataci\u00f3n y lozan\u00eda. Esto es perfecto ya que vamos a tratar las diferentes necesidades de tu piel.<\/span><\/p>\n<p style=\"background: white; vertical-align: baseline; margin: 7.5pt 0cm 7.5pt 0cm;\">[\/et_pb_text][\/et_pb_column][\/et_pb_row][et_pb_row column_structure=\u00bb3_5,2_5&#8243; module_id=\u00bbeficacia\u00bb _builder_version=\u00bb4.5.1&#8243; _module_preset=\u00bbdefault\u00bb][et_pb_column type=\u00bb3_5&#8243; _builder_version=\u00bb4.5.1&#8243; _module_preset=\u00bbdefault\u00bb][et_pb_text _builder_version=\u00bb4.5.1&#8243; _module_preset=\u00bbdefault\u00bb header_font_size=\u00bb18px\u00bb]<\/p>\n<h3><span style=\"color: #008080;\">Es muy eficaz<\/span><\/h3>\n<p style=\"background: white; vertical-align: baseline; margin: 7.5pt 0cm 7.5pt 0cm;\"><span style=\"font-family: 'Arial','sans-serif';\">Con el multimasking le proporcionamos a nuestro rostro los nutrientes, activos y beneficios espec\u00edficos, lo que hace que la piel luego de la aplicaci\u00f3n tenga un aspecto uniforme, lozano y mantengamos el equilibrio de hidrataci\u00f3n perfecto para el rostro. Tendr\u00e1s la piel mas linda en menos tiempo y con poco esfuerzo.<\/span><\/p>\n<p>[\/et_pb_text][\/et_pb_column][et_pb_column type=\u00bb2_5&#8243; _builder_version=\u00bb4.5.1&#8243; _module_preset=\u00bbdefault\u00bb][et_pb_image src=\u00bbhttps:\/\/leviu.co\/wp-content\/uploads\/2020\/08\/Mascarilla-Asa\u00ed-Rosas-scaled.jpg\u00bb title_text=\u00bbMascarilla Asa\u00ed Rosas\u00bb url=\u00bbhttps:\/\/leviu.co\/producto\/mascarilla-facial-asai-y-rosas\/\u00bb align=\u00bbright\u00bb _builder_version=\u00bb4.5.1&#8243; _module_preset=\u00bbdefault\u00bb width=\u00bb50%\u00bb box_shadow_style=\u00bbpreset1&#8243;][\/et_pb_image][\/et_pb_column][\/et_pb_row][et_pb_row column_structure=\u00bb3_5,2_5&#8243; module_id=\u00bbpielmixta\u00bb _builder_version=\u00bb4.5.1&#8243; _module_preset=\u00bbdefault\u00bb][et_pb_column type=\u00bb3_5&#8243; _builder_version=\u00bb4.5.1&#8243; _module_preset=\u00bbdefault\u00bb][et_pb_text _builder_version=\u00bb4.5.1&#8243; _module_preset=\u00bbdefault\u00bb header_font_size=\u00bb18px\u00bb]<\/p>\n<h3><span style=\"color: #008080;\">En Piel mixta<\/span><\/h3>\n<p style=\"background: white; vertical-align: baseline; margin: 7.5pt 0cm 7.5pt 0cm;\"><span style=\"font-family: 'Arial','sans-serif';\">En la zona T donde puedes tener exceso de grasa, espinillas, acn\u00e9 y poros abiertos te recomendamos usar nuestra mascarilla de Copoaz\u00fa y carb\u00f3n activado. Esta mascarilla adsorbe el exceso de grasa, purifica los poros por el carb\u00f3n activado y te deja una apariencia mate, mientras que el copoaz\u00fa al ser un gran antioxidante evita y corrige la oxidaci\u00f3n del sebo (puntos negros) en tu piel hidratando y recuperando la barrera de hidrataci\u00f3n natural del rostro.<\/span><\/p>\n<p style=\"background: white; vertical-align: baseline; margin: 7.5pt 0cm 7.5pt 0cm;\"><span style=\"font-family: 'Arial','sans-serif';\">En la zona lateral (mejillas) puedes usar nuestra mascarilla de Asa\u00ed-rosas si esa zona tiende a ser m\u00e1s delicada, rojiza y estas muy expuesta a la poluci\u00f3n de la ciudad. Otra opci\u00f3n para esta zona es nuestra mascarilla de frutos amaz\u00f3nicos si lo que buscas es dar hidrataci\u00f3n profunda e iluminaci\u00f3n.<\/span><\/p>\n<p>&nbsp;<\/p>\n<p>[\/et_pb_text][\/et_pb_column][et_pb_column type=\u00bb2_5&#8243; _builder_version=\u00bb4.5.1&#8243; _module_preset=\u00bbdefault\u00bb][et_pb_image src=\u00bbhttps:\/\/leviu.co\/wp-content\/uploads\/2020\/08\/Mascarilla-carb\u00f3n-activado-y-copoaz\u00fa-1-scaled.jpg\u00bb alt=\u00bbJab\u00f3n hidratante amaz\u00f3nico\u00bb title_text=\u00bbMascarilla carb\u00f3n activado y copoaz\u00fa\u00bb url=\u00bbhttps:\/\/leviu.co\/producto\/jabon-hidratante-amazonico\/\u00bb align=\u00bbcenter\u00bb _builder_version=\u00bb4.5.1&#8243; _module_preset=\u00bbdefault\u00bb width=\u00bb50%\u00bb box_shadow_style=\u00bbpreset1&#8243;][\/et_pb_image][et_pb_image src=\u00bbhttps:\/\/leviu.co\/wp-content\/uploads\/2020\/07\/LEVIU-23-1.png\u00bb title_text=\u00bbLEVIU-23 (1)\u00bb url=\u00bbhttps:\/\/leviu.co\/producto\/serum-acido-hialuronico-y-vitamina-c\/\u00bb _builder_version=\u00bb4.5.1&#8243; _module_preset=\u00bbdefault\u00bb width=\u00bb50%\u00bb box_shadow_style=\u00bbpreset1&#8243;][\/et_pb_image][\/et_pb_column][\/et_pb_row][et_pb_row column_structure=\u00bb1_5,1_5,3_5&#8243; module_id=\u00bbpielseca\u00bb _builder_version=\u00bb4.5.1&#8243; _module_preset=\u00bbdefault\u00bb][et_pb_column type=\u00bb1_5&#8243; _builder_version=\u00bb4.5.1&#8243; _module_preset=\u00bbdefault\u00bb][et_pb_image src=\u00bbhttps:\/\/leviu.co\/wp-content\/uploads\/2020\/07\/LEVIU-14-1-scaled.jpg\u00bb title_text=\u00bbLEVIU-14&#8243; url=\u00bbhttps:\/\/leviu.co\/producto\/mascarilla-facial-frutos-amazonicos\/\u00bb _builder_version=\u00bb4.5.1&#8243; _module_preset=\u00bbdefault\u00bb box_shadow_style=\u00bbpreset1&#8243;][\/et_pb_image][\/et_pb_column][et_pb_column type=\u00bb1_5&#8243; _builder_version=\u00bb4.5.1&#8243; _module_preset=\u00bbdefault\u00bb][et_pb_image src=\u00bbhttps:\/\/leviu.co\/wp-content\/uploads\/2020\/07\/LEVIU-22-scaled.jpg\u00bb title_text=\u00bbLEVIU-22&#8243; url=\u00bbhttps:\/\/leviu.co\/producto\/mascarilla-facial-asai-y-rosas\/\u00bb _builder_version=\u00bb4.5.1&#8243; _module_preset=\u00bbdefault\u00bb box_shadow_style=\u00bbpreset1&#8243;][\/et_pb_image][\/et_pb_column][et_pb_column type=\u00bb3_5&#8243; _builder_version=\u00bb4.5.1&#8243; _module_preset=\u00bbdefault\u00bb][et_pb_text _builder_version=\u00bb4.5.1&#8243; _module_preset=\u00bbdefault\u00bb]<\/p>\n<h3><span style=\"color: #008080;\">En Piel Seca<\/span><\/h3>\n<p style=\"background: white; vertical-align: baseline; margin: 7.5pt 0cm 7.5pt 0cm;\"><span style=\"font-family: 'Arial','sans-serif';\">En la zona T por lo general no habr\u00e1 exceso de grasa, pero la frente tendera a tener l\u00edneas de expresi\u00f3n m\u00e1s profunda, por lo que debes usar una mascarilla con propiedades antioxidantes que evitara el envejecimiento prematuro, para esto nuestra mascarilla de Frutos amaz\u00f3nicos es la indicada para tu zona T.<\/span><\/p>\n<p style=\"background: white; vertical-align: baseline; margin: 7.5pt 0cm 7.5pt 0cm;\"><span style=\"font-family: 'Arial','sans-serif';\">En la zona lateral (mejillas) puedes usar nuestra mascarilla de asai-rosas dado que te aportara una hidrataci\u00f3n suave y duradera, esta mascarilla tambi\u00e9n debes ponerla en la zona peribucal (encima y alrededor de los labios) con el fin de evitar el envejecimiento prematuro en esta delicada zona del rostro.<\/span><\/p>\n<p>[\/et_pb_text][\/et_pb_column][\/et_pb_row][et_pb_row column_structure=\u00bb1_3,1_3,1_3&#8243; module_id=\u00bbpielgrasa\u00bb _builder_version=\u00bb4.5.1&#8243; _module_preset=\u00bbdefault\u00bb][et_pb_column type=\u00bb1_3&#8243; _builder_version=\u00bb4.5.1&#8243; _module_preset=\u00bbdefault\u00bb][et_pb_text _builder_version=\u00bb4.5.1&#8243; _module_preset=\u00bbdefault\u00bb]<\/p>\n<h3><span style=\"color: #008080;\">En Piel grasa y acn\u00e9<\/span><\/h3>\n<p style=\"background: white; vertical-align: baseline; margin: 7.5pt 0cm 7.5pt 0cm;\"><span style=\"font-family: 'Arial','sans-serif';\">En la adolescencia e incluso en edades m\u00e1s adultas puedes llegar a tener piel grasa generalizada y para ti nuestra recomendaci\u00f3n es el uso de la mascarilla de copoaz\u00fa y carb\u00f3n activado, te ayudara a adsorber el exceso de grasa, purificar poros abiertos y te dejara la piel con un aspecto mate.<\/span><\/p>\n<p>[\/et_pb_text][\/et_pb_column][et_pb_column type=\u00bb1_3&#8243; _builder_version=\u00bb4.5.1&#8243; _module_preset=\u00bbdefault\u00bb][et_pb_image src=\u00bbhttps:\/\/leviu.co\/wp-content\/uploads\/2020\/08\/Mascarilla-carb\u00f3n-activado-y-copoaz\u00fa-1-scaled.jpg\u00bb title_text=\u00bbMascarilla carb\u00f3n activado y copoaz\u00fa\u00bb url=\u00bbhttps:\/\/leviu.co\/producto\/mascarilla-facial-copoazu-y-carbon-activado\/\u00bb _builder_version=\u00bb4.5.1&#8243; _module_preset=\u00bbdefault\u00bb][\/et_pb_image][\/et_pb_column][et_pb_column type=\u00bb1_3&#8243; _builder_version=\u00bb4.5.1&#8243; _module_preset=\u00bbdefault\u00bb][et_pb_image _builder_version=\u00bb4.5.1&#8243; _module_preset=\u00bbdefault\u00bb][\/et_pb_image][\/et_pb_column][\/et_pb_row][\/et_pb_section][et_pb_section fb_built=\u00bb1&#8243; _builder_version=\u00bb4.5.1&#8243; _module_preset=\u00bbdefault\u00bb][et_pb_row _builder_version=\u00bb4.5.1&#8243; _module_preset=\u00bbdefault\u00bb][et_pb_column type=\u00bb4_4&#8243; _builder_version=\u00bb4.5.1&#8243; _module_preset=\u00bbdefault\u00bb][et_pb_image src=\u00bbhttps:\/\/leviu.co\/wp-content\/uploads\/2020\/08\/Mascarilla-carb\u00f3n-activado-y-copoaz\u00fa-1-scaled.jpg\u00bb title_text=\u00bbMascarilla carb\u00f3n activado y copoaz\u00fa\u00bb _builder_version=\u00bb4.5.1&#8243; _module_preset=\u00bbdefault\u00bb box_shadow_style=\u00bbpreset1&#8243;][\/et_pb_image][\/et_pb_column][\/et_pb_row][\/et_pb_section]<\/p>","protected":false},"excerpt":{"rendered":"<p>[et_pb_section fb_built=\u00bb1&#8243; _builder_version=\u00bb4.4.8&#8243;][et_pb_row _builder_version=\u00bb4.5.1&#8243; _module_preset=\u00bbdefault\u00bb][et_pb_column type=\u00bb4_4&#8243; _builder_version=\u00bb4.5.1&#8243; _module_preset=\u00bbdefault\u00bb][et_pb_text _builder_version=\u00bb4.5.1&#8243; _module_preset=\u00bbdefault\u00bb text_font=\u00bbLato||||||||\u00bb text_text_color=\u00bb#99b4b5&#8243;] \u00bfQu\u00e9 es el Multimasking y qu\u00e9 beneficios me da? \u00bfRealmente es eficaz el Multimasking? Piel mixta \u00bfComo puedo aplicar Multimasking? Piel seca \u00bfComo usar la t\u00e9cnica? Piel grasa y acn\u00e9 \u00bfComo me ayudara? [\/et_pb_text][\/et_pb_column][\/et_pb_row][et_pb_row module_id=\u00bbmultimasking\u00bb _builder_version=\u00bb4.5.1&#8243; _module_preset=\u00bbdefault\u00bb][et_pb_column type=\u00bb4_4&#8243; _builder_version=\u00bb4.5.1&#8243; _module_preset=\u00bbdefault\u00bb][et_pb_text _builder_version=\u00bb4.5.1&#8243; _module_preset=\u00bbdefault\u00bb text_font=\u00bbLato||||||||\u00bb [&hellip;]<\/p>","protected":false},"author":1,"featured_media":1746,"comment_status":"open","ping_status":"open","sticky":false,"template":"","format":"standard","meta":{"_et_pb_use_builder":"on","_et_pb_old_content":"","_et_gb_content_width":"","content-type":"","_jetpack_memberships_contains_paid_content":false,"footnotes":""},"categories":[28,134,27,135],"tags":[],"class_list":["post-1730","post","type-post","status-publish","format-standard","has-post-thumbnail","hentry","category-acne","category-mascarillas-faciales","category-piel-grasa","category-piel-seca"],"jetpack_featured_media_url":"https:\/\/leviu.co\/wp-content\/uploads\/2020\/08\/Multimasking.jpeg","jetpack_sharing_enabled":true,"_links":{"self":[{"href":"https:\/\/leviu.co\/en\/wp-json\/wp\/v2\/posts\/1730","targetHints":{"allow":["GET"]}}],"collection":[{"href":"https:\/\/leviu.co\/en\/wp-json\/wp\/v2\/posts"}],"about":[{"href":"https:\/\/leviu.co\/en\/wp-json\/wp\/v2\/types\/post"}],"author":[{"embeddable":true,"href":"https:\/\/leviu.co\/en\/wp-json\/wp\/v2\/users\/1"}],"replies":[{"embeddable":true,"href":"https:\/\/leviu.co\/en\/wp-json\/wp\/v2\/comments?post=1730"}],"version-history":[{"count":7,"href":"https:\/\/leviu.co\/en\/wp-json\/wp\/v2\/posts\/1730\/revisions"}],"predecessor-version":[{"id":1753,"href":"https:\/\/leviu.co\/en\/wp-json\/wp\/v2\/posts\/1730\/revisions\/1753"}],"wp:featuredmedia":[{"embeddable":true,"href":"https:\/\/leviu.co\/en\/wp-json\/wp\/v2\/media\/1746"}],"wp:attachment":[{"href":"https:\/\/leviu.co\/en\/wp-json\/wp\/v2\/media?parent=1730"}],"wp:term":[{"taxonomy":"category","embeddable":true,"href":"https:\/\/leviu.co\/en\/wp-json\/wp\/v2\/categories?post=1730"},{"taxonomy":"post_tag","embeddable":true,"href":"https:\/\/leviu.co\/en\/wp-json\/wp\/v2\/tags?post=1730"}],"curies":[{"name":"wp","href":"https:\/\/api.w.org\/{rel}","templated":true}]}}