{"id":2499,"date":"2022-01-28T16:01:19","date_gmt":"2022-01-28T21:01:19","guid":{"rendered":"https:\/\/leviu.co\/?p=2499"},"modified":"2022-02-15T11:56:32","modified_gmt":"2022-02-15T16:56:32","slug":"guia-de-la-piel-grasa","status":"publish","type":"post","link":"https:\/\/leviu.co\/en\/guia-de-la-piel-grasa\/","title":{"rendered":"Gu\u00eda de la piel grasa con 3 secretos claves para cuidarla"},"content":{"rendered":"<p>[et_pb_section fb_built=\u00bb1&#8243; _builder_version=\u00bb4.5.1&#8243; _module_preset=\u00bbdefault\u00bb][et_pb_row _builder_version=\u00bb4.5.1&#8243; _module_preset=\u00bbdefault\u00bb][et_pb_column type=\u00bb4_4&#8243; _builder_version=\u00bb4.5.1&#8243; _module_preset=\u00bbdefault\u00bb][et_pb_text _builder_version=\u00bb4.5.1&#8243; _module_preset=\u00bbdefault\u00bb]<span style=\"font-weight: 400;\">Si fuiste bendecida y afortunada con una piel con tendencia grasa, esto te sonar\u00e1 muy raro\u2026pero si, definitivamente eres bendecida y afortunada, y ya te explicamos por qu\u00e9.<\/span><\/p>\n<p><span style=\"font-weight: 400;\">Recordando aquel famoso refr\u00e1n que dice \u201cSi del cielo te caen limones aprende a hacer michelada\u201d vamos a empezar:<\/span><br \/>\n[\/et_pb_text][\/et_pb_column][\/et_pb_row][et_pb_row column_structure=\u00bb3_5,2_5&#8243; _builder_version=\u00bb4.5.1&#8243; _module_preset=\u00bbdefault\u00bb][et_pb_column type=\u00bb3_5&#8243; _builder_version=\u00bb4.5.1&#8243; _module_preset=\u00bbdefault\u00bb][et_pb_text admin_label=\u00bbTexto\u00bb _builder_version=\u00bb4.5.1&#8243; _module_preset=\u00bbdefault\u00bb]<\/p>\n<h2><span style=\"font-weight: 400;\">Antes que nada \u00bfSabes la diferencia entre una piel acn\u00e9ica y una piel grasa?<\/span><\/h2>\n<p><span style=\"font-weight: 400;\">\u261d\u00a0 Una cosa es una piel grasa y otra muy distinta en una piel acn\u00e9ica\u2026el acn\u00e9 est\u00e1 catalogado como una enfermedad y debe ser tratado por un dermat\u00f3logo.<\/span><\/p>\n<p><span style=\"font-weight: 400;\">Pero si tienes un par de granos, algunos comedones y puntos negros pues no exageres, tu piel simplemente produce m\u00e1s \u00f3leos de lo normal y lo verificaremos as\u00ed:<\/span><\/p>\n<p><span style=\"font-weight: 400;\">\ud83e\udd14\u00a0 Tu piel se ve brillante la mayor parte del d\u00eda<\/span><\/p>\n<p><span style=\"font-weight: 400;\">\ud83e\udd14\u00a0 Tienes la apariencia de los poros un poco grandes<\/span><\/p>\n<p><span style=\"font-weight: 400;\">\ud83e\udd14\u00a0 Tu cabello tiende a ser grasoso en su ra\u00edz<\/span><\/p>\n<p><span style=\"font-weight: 400;\">\ud83e\udd14\u00a0 Puedes tener peque\u00f1os brotes en la espalda, cara y cuello<\/span><br \/>\n[\/et_pb_text][\/et_pb_column][et_pb_column type=\u00bb2_5&#8243; _builder_version=\u00bb4.5.1&#8243; _module_preset=\u00bbdefault\u00bb][et_pb_image src=\u00bbhttps:\/\/leviu.co\/wp-content\/uploads\/2022\/01\/Guia-de-la-piel-grasa-scaled.jpg\u00bb alt=\u00bbPiel Grasa\u00bb title_text=\u00bbGuia de la piel grasa\u00bb _builder_version=\u00bb4.5.1&#8243; _module_preset=\u00bbdefault\u00bb][\/et_pb_image][\/et_pb_column][\/et_pb_row][et_pb_row column_structure=\u00bb2_5,3_5&#8243; _builder_version=\u00bb4.5.1&#8243; _module_preset=\u00bbdefault\u00bb][et_pb_column type=\u00bb2_5&#8243; _builder_version=\u00bb4.5.1&#8243; _module_preset=\u00bbdefault\u00bb][et_pb_image src=\u00bbhttps:\/\/leviu.co\/wp-content\/uploads\/2022\/01\/Piel-Grasa-1-scaled.jpg\u00bb title_text=\u00bbPiel Grasa 1&#8243; _builder_version=\u00bb4.5.1&#8243; _module_preset=\u00bbdefault\u00bb][\/et_pb_image][\/et_pb_column][et_pb_column type=\u00bb3_5&#8243; _builder_version=\u00bb4.5.1&#8243; _module_preset=\u00bbdefault\u00bb][et_pb_text _builder_version=\u00bb4.5.1&#8243; _module_preset=\u00bbdefault\u00bb]Todo lo anterior se da porque tu piel produce m\u00e1s l\u00edpidos o grasas de lo normal y esto es conocido como hipersecreci\u00f3n seb\u00e1cea.<\/p>\n<p><span style=\"font-weight: 400;\">Como ya sabemos (porque lo sufrimos) la piel grasa se da con frecuencia en nuestra adolescencia (por temas hormonales), peroooo en nuestra edad adulta podr\u00eda persistir por aquello de la gen\u00e9tica, el estr\u00e9s, la poluci\u00f3n, el chicharr\u00f3n, etc.<\/span><\/p>\n<p><span style=\"font-weight: 400;\">Entonces la piel grasa es aquella que todo el d\u00eda est\u00e1, dale que dale, produciendo grasita y esto si se sale de control puede ocasionar situaciones como:<\/span><\/p>\n<p><span style=\"font-weight: 400;\">\ud83d\ude31\u00a0 Exceso de sebo y desbalance del pH cut\u00e1neo que provoca crecimiento descontrolado de la microbiota.<\/span><\/p>\n<p><span style=\"font-weight: 400;\">\ud83d\ude31\u00a0 Se pueden incrementar la inflamaci\u00f3n de comedones y espinillas.<\/span><\/p>\n<p><span style=\"font-weight: 400;\">\ud83d\ude31\u00a0 Los poros se pueden obstruir causando lesiones<\/span><\/p>\n<p>&nbsp;<br \/>\n[\/et_pb_text][\/et_pb_column][\/et_pb_row][et_pb_row column_structure=\u00bb2_3,1_3&#8243; _builder_version=\u00bb4.5.1&#8243; _module_preset=\u00bbdefault\u00bb][et_pb_column type=\u00bb2_3&#8243; _builder_version=\u00bb4.5.1&#8243; _module_preset=\u00bbdefault\u00bb][et_pb_text _builder_version=\u00bb4.5.1&#8243; _module_preset=\u00bbdefault\u00bb]<span style=\"font-weight: 400;\">PERO es super importante aclarar que NO debes eliminar todo el sebo o l\u00edpidos de la piel, porque estos, cuando est\u00e1n equilibrados sirven como:<\/span><\/p>\n<p><span style=\"font-weight: 400;\">\ud83c\udf31\u00a0 Funci\u00f3n protectora y barrera evitando que se evapore el agua cut\u00e1nea.<\/span><\/p>\n<p><span style=\"font-weight: 400;\">\ud83c\udf31\u00a0 Mantienes la hidrataci\u00f3n y humectaci\u00f3n\u00a0<\/span><\/p>\n<p><span style=\"font-weight: 400;\">\ud83c\udf31\u00a0 Previenen la aparici\u00f3n temprana de arruguitas ya que van a mantener la elasticidad de tu bella carita<\/span><\/p>\n<p><span style=\"font-weight: 400;\">Pero \u00a1\u00bfPor qu\u00e9 a m\u00ed?!<\/span><\/p>\n<p><span style=\"font-weight: 400;\">Respira y vamos a sacar partido de tener la piel grasa:<\/span><\/p>\n<p><span style=\"font-weight: 400;\">\ud83c\udf31\u00a0 Solo es cuesti\u00f3n de equilibrarla y tener una rutina que te funcione\u2026A la larga, si te cuidas muy bien, la ventaja es que las arrugas no aparecen tan f\u00e1cil ni r\u00e1pido como en la piel seca, ya que al tener m\u00e1s l\u00edpidos la elasticidad y soporte de tu piel se benefician.<\/span><br \/>\n[\/et_pb_text][\/et_pb_column][et_pb_column type=\u00bb1_3&#8243; _builder_version=\u00bb4.5.1&#8243; _module_preset=\u00bbdefault\u00bb][et_pb_image src=\u00bbhttps:\/\/leviu.co\/wp-content\/uploads\/2022\/01\/Piel-Grasa-5-scaled.jpg\u00bb title_text=\u00bbPiel Grasa 5&#8243; _builder_version=\u00bb4.5.1&#8243; _module_preset=\u00bbdefault\u00bb][\/et_pb_image][\/et_pb_column][\/et_pb_row][et_pb_row column_structure=\u00bb1_3,2_3&#8243; _builder_version=\u00bb4.5.1&#8243; _module_preset=\u00bbdefault\u00bb][et_pb_column type=\u00bb1_3&#8243; _builder_version=\u00bb4.5.1&#8243; _module_preset=\u00bbdefault\u00bb][et_pb_image src=\u00bbhttps:\/\/leviu.co\/wp-content\/uploads\/2022\/01\/Tips-Piel-Grasa-scaled.jpg\u00bb title_text=\u00bbTips Piel Grasa\u00bb _builder_version=\u00bb4.5.1&#8243; _module_preset=\u00bbdefault\u00bb][\/et_pb_image][\/et_pb_column][et_pb_column type=\u00bb2_3&#8243; _builder_version=\u00bb4.5.1&#8243; _module_preset=\u00bbdefault\u00bb][et_pb_text _builder_version=\u00bb4.5.1&#8243; _module_preset=\u00bbdefault\u00bb]<\/p>\n<h2><span style=\"font-weight: 400;\">TIP LEVI\u00da\u00a0<\/span><\/h2>\n<p><span style=\"font-weight: 400;\">Debes humectar e hidratar la piel\u2026Una piel grasa tambi\u00e9n puede estar deshidratada si no tiene una rutina de skincare adecuada.<\/span><\/p>\n<p><span style=\"font-weight: 400;\">\u00a1Para ah\u00ed!..<\/span><\/p>\n<p><span style=\"font-weight: 400;\">Siiii\u2026una cosa es la parte lip\u00eddica de tu piel (que puede estar en exceso para el caso de la piel grasa) y otra cosa es la parte acuosa de tu piel, que, si no hidratas y humectas bien, va a estar desbalanceada y puedes llegar a tener dos problemas: tu piel grasa y tu piel deshidratada.<\/span><\/p>\n<p><span style=\"font-weight: 400;\">Las c\u00e9lulas de la piel necesitan agua para funcionar\u2026as\u00ed que no te ahorres lo de la hidratante (sabemos que en alg\u00fan momento lo pensaste<\/span> <span style=\"font-weight: 400;\">\ud83d\ude11)<\/span><\/p>\n<p><span style=\"font-weight: 400;\">\u00bfY ahora qu\u00e9 hago?<\/span><\/p>\n<p><span style=\"font-weight: 400;\">Tu tranqui\u2026<\/span><br \/>\n[\/et_pb_text][\/et_pb_column][\/et_pb_row][et_pb_row _builder_version=\u00bb4.5.1&#8243; _module_preset=\u00bbdefault\u00bb][et_pb_column type=\u00bb4_4&#8243; _builder_version=\u00bb4.5.1&#8243; _module_preset=\u00bbdefault\u00bb][et_pb_text _builder_version=\u00bb4.5.1&#8243; _module_preset=\u00bbdefault\u00bb]<span style=\"font-weight: 400;\">\u00bfY al final que conseguimos con todo aquello de controlar el exceso de l\u00edpidos, estar regias, luminosas y siempre divas?<\/span><\/p>\n<p><span style=\"font-weight: 400;\">\u2764\u00a0 Vas a evitar que te salgan brotes. Al final siempre saldr\u00e1 uno que otro en el d\u00eda menos esperado, pero ok, la vida no es perfecta, pero si bella.<\/span><\/p>\n<p><span style=\"font-weight: 400;\">\u2764 \u00a0 Tus dem\u00e1s productos de cuidado facial van a funcionar mejor ya que los dem\u00e1s ingredientes penetraran m\u00e1s f\u00e1cil tu piel.<\/span><\/p>\n<p><span style=\"font-weight: 400;\">\u2764\u00a0 La piel mate ya pas\u00f3 de moda, es el turno de la piel glow, sana y radiante.<\/span><\/p>\n<p><b>Y recuerda: <\/b><span style=\"font-weight: 400;\">La piel perfecta SI existe y es tu piel sana<\/span><br \/>\n[\/et_pb_text][\/et_pb_column][\/et_pb_row][\/et_pb_section]<\/p>","protected":false},"excerpt":{"rendered":"<p>[et_pb_section fb_built=\u00bb1&#8243; _builder_version=\u00bb4.5.1&#8243; _module_preset=\u00bbdefault\u00bb][et_pb_row _builder_version=\u00bb4.5.1&#8243; _module_preset=\u00bbdefault\u00bb][et_pb_column type=\u00bb4_4&#8243; _builder_version=\u00bb4.5.1&#8243; _module_preset=\u00bbdefault\u00bb][et_pb_text _builder_version=\u00bb4.5.1&#8243; _module_preset=\u00bbdefault\u00bb]Si fuiste bendecida y afortunada con una piel con tendencia grasa, esto te sonar\u00e1 muy raro\u2026pero si, definitivamente eres bendecida y afortunada, y ya te explicamos por qu\u00e9. Recordando aquel famoso refr\u00e1n que dice \u201cSi del cielo te caen limones aprende a hacer michelada\u201d vamos [&hellip;]<\/p>","protected":false},"author":1,"featured_media":2500,"comment_status":"open","ping_status":"open","sticky":false,"template":"","format":"standard","meta":{"_et_pb_use_builder":"on","_et_pb_old_content":"","_et_gb_content_width":"","content-type":"","_jetpack_memberships_contains_paid_content":false,"footnotes":""},"categories":[28,27],"tags":[238,236,237],"class_list":["post-2499","post","type-post","status-publish","format-standard","has-post-thumbnail","hentry","category-acne","category-piel-grasa","tag-cuidado-de-la-piel-grasa","tag-piel-grasa","tag-tips-piel-grasa"],"jetpack_featured_media_url":"https:\/\/leviu.co\/wp-content\/uploads\/2022\/01\/Piel-grasa-scaled.jpg","jetpack_sharing_enabled":true,"_links":{"self":[{"href":"https:\/\/leviu.co\/en\/wp-json\/wp\/v2\/posts\/2499","targetHints":{"allow":["GET"]}}],"collection":[{"href":"https:\/\/leviu.co\/en\/wp-json\/wp\/v2\/posts"}],"about":[{"href":"https:\/\/leviu.co\/en\/wp-json\/wp\/v2\/types\/post"}],"author":[{"embeddable":true,"href":"https:\/\/leviu.co\/en\/wp-json\/wp\/v2\/users\/1"}],"replies":[{"embeddable":true,"href":"https:\/\/leviu.co\/en\/wp-json\/wp\/v2\/comments?post=2499"}],"version-history":[{"count":19,"href":"https:\/\/leviu.co\/en\/wp-json\/wp\/v2\/posts\/2499\/revisions"}],"predecessor-version":[{"id":2565,"href":"https:\/\/leviu.co\/en\/wp-json\/wp\/v2\/posts\/2499\/revisions\/2565"}],"wp:featuredmedia":[{"embeddable":true,"href":"https:\/\/leviu.co\/en\/wp-json\/wp\/v2\/media\/2500"}],"wp:attachment":[{"href":"https:\/\/leviu.co\/en\/wp-json\/wp\/v2\/media?parent=2499"}],"wp:term":[{"taxonomy":"category","embeddable":true,"href":"https:\/\/leviu.co\/en\/wp-json\/wp\/v2\/categories?post=2499"},{"taxonomy":"post_tag","embeddable":true,"href":"https:\/\/leviu.co\/en\/wp-json\/wp\/v2\/tags?post=2499"}],"curies":[{"name":"wp","href":"https:\/\/api.w.org\/{rel}","templated":true}]}}