{"id":418,"date":"2020-07-11T05:49:16","date_gmt":"2020-07-11T05:49:16","guid":{"rendered":"https:\/\/leviu.co\/?p=418"},"modified":"2021-12-11T16:46:56","modified_gmt":"2021-12-11T21:46:56","slug":"como-evitar-y-mejorar-las-cicatrices-en-la-piel-generadas-por-el-acne","status":"publish","type":"post","link":"https:\/\/leviu.co\/en\/como-evitar-y-mejorar-las-cicatrices-en-la-piel-generadas-por-el-acne\/","title":{"rendered":"\u00bfC\u00f3mo evitar y mejorar el aspecto de cicatrices en la piel generadas por el acn\u00e9?"},"content":{"rendered":"<p>[et_pb_section fb_built=\u00bb1&#8243; _builder_version=\u00bb4.4.8&#8243;][et_pb_row _builder_version=\u00bb4.5.1&#8243; _module_preset=\u00bbdefault\u00bb][et_pb_column type=\u00bb4_4&#8243; _builder_version=\u00bb4.5.1&#8243; _module_preset=\u00bbdefault\u00bb][et_pb_text _builder_version=\u00bb4.5.1&#8243; _module_preset=\u00bbdefault\u00bb text_font=\u00bbLato||||||||\u00bb text_text_color=\u00bb#99b4b5&#8243; hover_enabled=\u00bb0&#8243;]<\/p>\n<ul>\n<li><span style=\"color: #008080;\"><a style=\"color: #008080;\" href=\"#queeselacne\">Generalidades del acn\u00e9, puntos negros y comedones<\/a><\/span><\/li>\n<li><span style=\"color: #008080;\"><a style=\"color: #008080;\" href=\"#cicatricesacne\">Cicatrices del acn\u00e9 y piel grasa<\/a><\/span><\/li>\n<li><span style=\"color: #008080;\"><a style=\"color: #008080;\" href=\"#prevenircicatricesacne\">\u00bfC\u00f3mo prevenir cicatrices de acn\u00e9 con una rutina facial AM-PM?<\/a><\/span><\/li>\n<li><span style=\"color: #008080;\"><a style=\"color: #008080;\" href=\"#eliminarcicatricesacne\">\u00bfC\u00f3mo mejorar aspecto de cicatrices con una rutina facial AM-PM?<\/a><\/span><\/li>\n<li><span style=\"color: #008080;\"><a style=\"color: #008080;\" href=\"#tratamientodechoque\">Tratamiento de choque para<\/a><a style=\"color: #008080;\" href=\"#tratamientodechoque\">\u00a0tratar\u00a0<\/a><a style=\"color: #008080;\" href=\"#tratamientodechoque\">la piel grasa y acn\u00e9<\/a><\/span><\/li>\n<li><a href=\"#procedimientoscicatricesacne\"><span style=\"color: #008080;\">Procedimientos para tratamiento de choque<\/span><\/a><\/li>\n<\/ul>\n<p>[\/et_pb_text][\/et_pb_column][\/et_pb_row][et_pb_row module_id=\u00bbqueeselacne\u00bb _builder_version=\u00bb4.5.1&#8243; _module_preset=\u00bbdefault\u00bb][et_pb_column type=\u00bb4_4&#8243; _builder_version=\u00bb4.5.1&#8243; _module_preset=\u00bbdefault\u00bb][et_pb_text _builder_version=\u00bb4.5.1&#8243; _module_preset=\u00bbdefault\u00bb text_font=\u00bbLato||||||||\u00bb text_font_size=\u00bb15px\u00bb header_font_size=\u00bb18px\u00bb hover_enabled=\u00bb0&#8243;]<\/p>\n<h2><span style=\"color: #008080; font-family: Arial, sans-serif;\">Generalidades del acn\u00e9, puntos negros y comedones<\/span><\/h2>\n<p style=\"background: white; vertical-align: baseline; margin: 7.5pt 0cm 7.5pt 0cm;\"><span style=\"font-family: 'Arial','sans-serif';\">El acn\u00e9, puntos negros, comedones (espinillas) y piel grasa son una condici\u00f3n cut\u00e1nea, que la mayor\u00eda de las personas en edad adolescente e incluso adultos han sufrido y puede conllevar a un aspecto poco est\u00e9tico en el rostro, cuello o espalda. Si no se tiene un tratamiento o rutina de cuidado facial adecuado podr\u00edan\u00a0 quedar en tu piel a largo plazo cicatrices cut\u00e1neas, por lo cual, siempre ser\u00e1 mejor y m\u00e1s econ\u00f3mico prevenir estas cicatrices que eliminarlas o tratarlas.<\/span><\/p>\n<p style=\"background: white; vertical-align: baseline; margin: 7.5pt 0cm 7.5pt 0cm;\"><span style=\"font-family: 'Arial','sans-serif';\">Existen varios grados de acn\u00e9 que van desde comedones y puntos negros superficiales que pueden ser mejorados con una rutina facial y productos dermocosm\u00e9ticos hasta un acn\u00e9 moderado o severo, donde la mejor opci\u00f3n es acudir al dermat\u00f3logo.<\/span><\/p>\n<p style=\"background: white; vertical-align: baseline; margin: 7.5pt 0cm 7.5pt 0cm;\"><span style=\"font-family: Arial, sans-serif;\">Desordenes hormonales, medicamentos, poluci\u00f3n, gen\u00e9tica, estilo de vida y alimentaci\u00f3n son algunos de los factores que principalmente est\u00e1n involucrados en este desorden hidrolip\u00eddico de la piel.<\/span><\/p>\n<p>[\/et_pb_text][\/et_pb_column][\/et_pb_row][et_pb_row module_id=\u00bbqueeselacne\u00bb _builder_version=\u00bb4.5.1&#8243; _module_preset=\u00bbdefault\u00bb][et_pb_column type=\u00bb4_4&#8243; _builder_version=\u00bb4.5.1&#8243; _module_preset=\u00bbdefault\u00bb][et_pb_text module_id=\u00bbtipodecicatrices\u00bb _builder_version=\u00bb4.5.1&#8243; _module_preset=\u00bbdefault\u00bb text_font=\u00bbLato||||||||\u00bb text_font_size=\u00bb15px\u00bb header_font_size=\u00bb18px\u00bb]<\/p>\n<h3><span style=\"color: #008080; font-family: Arial, sans-serif;\">Cicatrices del acn\u00e9 y piel grasa<\/span><\/h3>\n<p style=\"background: white; vertical-align: baseline; margin: 7.5pt 0cm 7.5pt 0cm;\"><span style=\"font-family: 'Arial','sans-serif';\">Las cicatrices por acn\u00e9 pueden ser generadas por una sobreproducci\u00f3n de sebo en la piel, lo cual genera una inflamaci\u00f3n localizada y en muchos casos estos comedones pueden presentar desequilibrios bacterianos. Todos estos factores combinados con una inadecuada protecci\u00f3n solar, hidrataci\u00f3n y limpieza insuficiente y otros factores de tipo hormonal o genetico, impiden la formaci\u00f3n adecuada del col\u00e1geno y provoca el hundimiento de la matriz extracelular o desordenes de cicatrizaci\u00f3n como:<\/span><\/p>\n<ul>\n<li style=\"background: white; vertical-align: baseline; margin: 7.5pt 0cm 7.5pt 0cm;\"><span style=\"font-family: 'Arial','sans-serif';\">Cicatrices atr\u00f3ficas: son las m\u00e1s comunes y se forman por la p\u00e9rdida de col\u00e1geno. Se caracterizan por presentar aspecto de la piel hundida presentando hoyuelos en el rostro.<\/span><\/li>\n<li style=\"background: white; vertical-align: baseline; margin: 7.5pt 0cm 7.5pt 0cm;\"><span style=\"font-family: 'Arial','sans-serif';\">Cicatrices hipertr\u00f3ficas: se pueden reconocer porque hay una elevaci\u00f3n de la piel en el punto donde estuvo la lesi\u00f3n. Esto se da cuando la piel produce una capa adicional de epidermis, pero esta capa no es igual al tejido sano y la textura de la cicatriz se ve m\u00e1s gruesa que el resto de la superficie de la piel.<\/span><\/li>\n<li style=\"background: white; vertical-align: baseline; margin: 7.5pt 0cm 7.5pt 0cm;\"><span style=\"font-family: Arial, sans-serif;\">Ice Pick: son cicatrices generalmente peque\u00f1as en forma de hoyo circular que se nota un poco profundo.<\/span><\/li>\n<\/ul>\n<p><span style=\"font-family: Arial, sans-serif;\">Otra de las cicatrices dif\u00edciles de tratar son las manchas provocadas por la hiperpigmentaci\u00f3n inflamatoria. En este caso, cuando el acn\u00e9 genera inflamaci\u00f3n localizada, las c\u00e9lulas responsables de pigmentar la piel (melanocitos) se sobreestimulan generando melanina en exceso localizada, lo que provoca la hiperpigmentaci\u00f3n que puede ser de color rojiza a caf\u00e9 en la zona donde se encontraba el comed\u00f3n (espinilla), p\u00fastula o punto negro.<\/span><\/p>\n<p style=\"background: white; vertical-align: baseline; margin: 7.5pt 0cm 7.5pt 0cm;\">[\/et_pb_text][\/et_pb_column][\/et_pb_row][et_pb_row column_structure=\u00bb3_5,2_5&#8243; module_id=\u00bbprevenircicatricesacne\u00bb _builder_version=\u00bb4.5.1&#8243; _module_preset=\u00bbdefault\u00bb][et_pb_column type=\u00bb3_5&#8243; _builder_version=\u00bb4.5.1&#8243; _module_preset=\u00bbdefault\u00bb][et_pb_text _builder_version=\u00bb4.5.1&#8243; _module_preset=\u00bbdefault\u00bb header_font_size=\u00bb18px\u00bb]<\/p>\n<h2><span style=\"color: #008080;\">\u00bfC\u00f3mo prevenir las cicatrices del acn\u00e9 con una rutina AM-PM?<\/span><\/h2>\n<p>Lo primero y m\u00e1s importante es identificar el tipo de acn\u00e9 y su severidad, esto puede ser diagnosticado por tu dermat\u00f3logo.<\/p>\n<p>Tambi\u00e9n existen tratamientos y rutinas que pueden realizar en casa cuando presentas exceso de grasa, comedones y puntos negros leves que pueden mejorar el aspecto de tu piel y evitar la formaci\u00f3n de cicatrices:<\/p>\n<p>&nbsp;<\/p>\n<ol>\n<li><span style=\"text-decoration: underline;\">Limpieza adecuada:<\/span>\u00a0en la ma\u00f1ana antes de colocar cualquier producto en tu piel debes asegurarte que se encuentre limpia para recibir los dem\u00e1s tratamientos de rutina que aplicar\u00e1s. Un <a href=\"https:\/\/leviu.co\/en\/product\/jabon-hidratante-amazonico\/\">Jab\u00f3n hidratante<\/a>\u00a0que microexfolie es una buena alternativa para que elimines c\u00e9lulas muertas y mejores la renovaci\u00f3n celular.<\/li>\n<li><span style=\"text-decoration: underline;\">Hidrataci\u00f3n:<\/span>\u00a0debes usar en las ma\u00f1anas un hidratante tipo s\u00e9rum (evita usar cremas, ya que pueden exacerbar la piel grasa) que contenga ingredientes como\u00a0<a href=\"https:\/\/leviu.co\/en\/product\/serum-acido-hialuronico-y-vitamina-c\/\">\u00c1cido hialur\u00f3nico y Vitamina C<\/a> que te ayudar\u00e1n a mantener el equilibrio h\u00eddrico de tu rostro.<\/li>\n<li><span style=\"text-decoration: underline;\">Tratamiento control grasa:<\/span>\u00a0sustancias que ayuden a seborregular, disminuir inflamaci\u00f3n y equilibrar tu biota bacteriana facial ser\u00e1n de gran ayuda para prevenir la aparici\u00f3n de cicatrices.<\/li>\n<li><span style=\"text-decoration: underline;\">Protector solar<\/span>: infaltable y muy importante, para evitar empeorar la inflamaci\u00f3n. Tambi\u00e9n te proteger\u00e1 evitando el envejecimiento prematuro.<\/li>\n<\/ol>\n<p>En la noche debes repetir los pasos 1, 2 y 3. El protector solar solo debe ser aplicado en el d\u00eda.<\/p>\n<p>[\/et_pb_text][\/et_pb_column][et_pb_column type=\u00bb2_5&#8243; _builder_version=\u00bb4.5.1&#8243; _module_preset=\u00bbdefault\u00bb][et_pb_image src=\u00bbhttps:\/\/leviu.co\/wp-content\/uploads\/2020\/07\/LEVIU-3.png\u00bb alt=\u00bbJab\u00f3n hidratante amaz\u00f3nico\u00bb title_text=\u00bbLEVIU-3&#8243; url=\u00bbhttps:\/\/leviu.co\/producto\/jabon-hidratante-amazonico\/\u00bb align=\u00bbcenter\u00bb _builder_version=\u00bb4.5.1&#8243; _module_preset=\u00bbdefault\u00bb width=\u00bb50%\u00bb box_shadow_style=\u00bbpreset1&#8243;][\/et_pb_image][et_pb_image src=\u00bbhttps:\/\/leviu.co\/wp-content\/uploads\/2020\/07\/LEVIU-10-scaled.jpg\u00bb title_text=\u00bbLEVIU-10&#8243; url=\u00bbhttps:\/\/leviu.co\/producto\/serum-acido-hialuronico-y-vitamina-c\/\u00bb _builder_version=\u00bb4.5.1&#8243; _module_preset=\u00bbdefault\u00bb width=\u00bb50%\u00bb box_shadow_style=\u00bbpreset1&#8243;][\/et_pb_image][et_pb_image src=\u00bbhttps:\/\/leviu.co\/wp-content\/uploads\/2020\/07\/LEVIU-6-scaled.jpg\u00bb title_text=\u00bbLEVIU-6&#8243; url=\u00bbhttps:\/\/leviu.co\/producto\/mascarilla-facial-copoazu-y-carbon-activado\/\u00bb align=\u00bbright\u00bb _builder_version=\u00bb4.5.1&#8243; _module_preset=\u00bbdefault\u00bb width=\u00bb50%\u00bb box_shadow_style=\u00bbpreset1&#8243;][\/et_pb_image][\/et_pb_column][\/et_pb_row][et_pb_row column_structure=\u00bb3_5,2_5&#8243; module_id=\u00bbeliminarcicatricesacne\u00bb _builder_version=\u00bb4.5.1&#8243; _module_preset=\u00bbdefault\u00bb][et_pb_column type=\u00bb3_5&#8243; _builder_version=\u00bb4.5.1&#8243; _module_preset=\u00bbdefault\u00bb][et_pb_text _builder_version=\u00bb4.5.1&#8243; _module_preset=\u00bbdefault\u00bb header_font_size=\u00bb18px\u00bb]<\/p>\n<h2><span style=\"color: #008080;\">\u00bfC\u00f3mo mejorar el aspecto de cicatrices del acn\u00e9 con una rutina AM-PM?<\/span><\/h2>\n<p>Si ya las cicatrices est\u00e1n presentes en tu piel y no quieres recurrir a tratamientos como laser, peelings faciales u otros m\u00e1s agresivos, es optar por una rutina que te ayude a mejorar el aspecto de la superficie de la piel, disimulando las cicatrices presentes. Es de aclarar que una vez formada la cicatriz, es muy dif\u00edcil eliminarla, pero si puedes mejorar su aspecto<\/p>\n<p>Existen tratamientos y rutinas que puedes realizar en casa para mejorar el aspecto de cicatrices causadas por el acn\u00e9:<\/p>\n<ol>\n<li><span style=\"text-decoration: underline;\">Limpieza adecuada<\/span>:\u00a0limpia tu rostro muy bien todas las ma\u00f1anas con un\u00a0<a href=\"https:\/\/leviu.co\/en\/product\/jabon-hidratante-amazonico\/\">Jab\u00f3n hidratante<\/a> que te ayude a microexfoliar tu piel antes de colocar cualquier producto, y as\u00ed estar\u00e1s lista para recibir los dem\u00e1s tratamientos de rutina que aplicar\u00e1s. Con una buena rutina de limpieza facial favoreces la renovaci\u00f3n celular y\u00a0eliminas el exceso de c\u00e9lulas muertas.<\/li>\n<li><span style=\"text-decoration: underline;\">Precursores de col\u00e1geno y silicio org\u00e1nico<\/span>: un Serum antiage que contenga ingredientes como\u00a0<a href=\"https:\/\/leviu.co\/en\/product\/serum-acido-hialuronico-y-vitamina-c\/\">\u00c1cido hialur\u00f3nico y Vitamina C<\/a>\u00a0que incluya tambi\u00e9n silicio org\u00e1nico\u00a0puede ayudar a promover la producci\u00f3n intracelular de col\u00e1geno, lo que puede disminuir el aspecto del hoyuelo de las cicatrices atr\u00f3ficas. El silicio org\u00e1nico ayuda a reestructurar la matriz extracelular mejorando el aspecto de los hoyuelos en la piel.<\/li>\n<li><span style=\"text-decoration: underline;\">Tratamiento control grasa<\/span>: utiliza sustancias que ayuden a seborregular tu piel, as\u00ed como a disminuir la inflamaci\u00f3n y equilibrar tu biota bacteriana facial ser\u00e1n de gran ayuda para prevenir la aparici\u00f3n de cicatrices.<\/li>\n<li><span style=\"text-decoration: underline;\">Aclarante cut\u00e1neo<\/span>: cuando la cicatriz ya est\u00e1 formada una opci\u00f3n muy efectiva es incluir en tu rutina un\u00a0<a href=\"https:\/\/leviu.co\/en\/product\/aclarante\/\">S\u00e9rum aclarante y despigmentante<\/a>\u00a0con sustancias como Vitamina C, alfa-hidroxi \u00e1cidos o niacinamida que pueden aclarar las manchas provocadas por hiperpigmentaci\u00f3n en cicatrices de acn\u00e9 y tambi\u00e9n promueve la microexfoliaci\u00f3n y producci\u00f3n de colag\u00e9no.<\/li>\n<li><span style=\"text-decoration: underline;\">Protector solar<\/span>: no olvides que siempre es muy importante el uso diario de este producto, as\u00ed evitar\u00e1s que las cicatrices sean m\u00e1s evidentes debido a la hiperpigmentaci\u00f3n. Este tambi\u00e9n ayuda en la protecci\u00f3n contra el envejecimiento prematuro y la protecci\u00f3n contra los rayos UVA y UVB.<\/li>\n<\/ol>\n<p>En la noche debes repetir los pasos 1, 2 y 3. El protector solar solo debe ser aplicado en el d\u00eda.<\/p>\n<p>&nbsp;<\/p>\n<p>[\/et_pb_text][\/et_pb_column][et_pb_column type=\u00bb2_5&#8243; _builder_version=\u00bb4.5.1&#8243; _module_preset=\u00bbdefault\u00bb][et_pb_image src=\u00bbhttps:\/\/leviu.co\/wp-content\/uploads\/2020\/07\/LEVIU-5-1.png\u00bb alt=\u00bbJab\u00f3n hidratante amaz\u00f3nico\u00bb title_text=\u00bbLEVIU-5 (1)\u00bb url=\u00bbhttps:\/\/leviu.co\/producto\/jabon-hidratante-amazonico\/\u00bb align=\u00bbcenter\u00bb _builder_version=\u00bb4.5.1&#8243; _module_preset=\u00bbdefault\u00bb width=\u00bb50%\u00bb box_shadow_style=\u00bbpreset1&#8243;][\/et_pb_image][et_pb_image src=\u00bbhttps:\/\/leviu.co\/wp-content\/uploads\/2020\/07\/LEVIU-15-2.jpg\u00bb title_text=\u00bbLEVIU-15&#8243; url=\u00bbhttps:\/\/leviu.co\/producto\/serum-acido-hialuronico-y-vitamina-c\/\u00bb _builder_version=\u00bb4.5.1&#8243; _module_preset=\u00bbdefault\u00bb width=\u00bb50%\u00bb box_shadow_style=\u00bbpreset1&#8243;][\/et_pb_image][et_pb_image src=\u00bbhttps:\/\/leviu.co\/wp-content\/uploads\/2020\/07\/123234.png\u00bb title_text=\u00bb123234&#8243; url=\u00bbhttps:\/\/leviu.co\/producto\/mascarilla-facial-copoazu-y-carbon-activado\/\u00bb align=\u00bbright\u00bb _builder_version=\u00bb4.5.1&#8243; _module_preset=\u00bbdefault\u00bb width=\u00bb61%\u00bb box_shadow_style=\u00bbpreset1&#8243;][\/et_pb_image][\/et_pb_column][\/et_pb_row][et_pb_row module_id=\u00bbtratamientodechoque\u00bb _builder_version=\u00bb4.5.1&#8243; _module_preset=\u00bbdefault\u00bb custom_padding=\u00bb26px|||||\u00bb][et_pb_column type=\u00bb4_4&#8243; _builder_version=\u00bb4.5.1&#8243; _module_preset=\u00bbdefault\u00bb][et_pb_text _builder_version=\u00bb4.5.1&#8243; _module_preset=\u00bbdefault\u00bb]<\/p>\n<h2><span style=\"color: #008080;\"><strong>Tratamiento de choque<\/strong><\/span><\/h2>\n<p>Una vez a la semana debes reforzar tu rutina de cuidad facial con terapias de choque que hagan sinergia para acelerar la recuperaci\u00f3n de tu piel, por eso te traemos algunas opciones:<\/p>\n<ul>\n<li>\u00a0<span style=\"color: #008080;\"><a style=\"color: #008080;\" href=\"https:\/\/leviu.co\/en\/product\/mascarilla-facial-copoazu-y-carbon-activado\/\"><strong>Mascarilla Carb\u00f3n activado<\/strong>:<\/a>\u00a0p<\/span>romueve la limpieza y detoxificaci\u00f3n de la piel, ayudando a absorber el exceso de sebo en pieles grasas. Captura y encapsula contaminantes e impurezas presentes en la superficie de la piel, que pueden agravar la inflamaci\u00f3n y proliferaci\u00f3n de pat\u00f3genos que activan el acn\u00e9.<\/li>\n<\/ul>\n<p>Esta mascarilla aplicada una vez a la semana va a potencializar tu rutina de cuidado de piel grasa. Las micropart\u00edculas de carb\u00f3n activado realizan una dermoabrasi\u00f3n muy suave que remueve las c\u00e9lulas muertas, permitiendo la regeneraci\u00f3n del tejido y mejora la absorci\u00f3n de sustancias hidratantes y aclarantes en tu piel.<\/p>\n<p>&nbsp;<\/p>\n<p>[\/et_pb_text][\/et_pb_column][\/et_pb_row][et_pb_row column_structure=\u00bb1_3,1_3,1_3&#8243; _builder_version=\u00bb4.5.1&#8243; _module_preset=\u00bbdefault\u00bb][et_pb_column type=\u00bb1_3&#8243; _builder_version=\u00bb4.5.1&#8243; _module_preset=\u00bbdefault\u00bb][et_pb_image src=\u00bbhttps:\/\/leviu.co\/wp-content\/uploads\/2020\/07\/LEVIU-6-scaled.jpg\u00bb title_text=\u00bbLEVIU-6&#8243; _builder_version=\u00bb4.5.1&#8243; _module_preset=\u00bbdefault\u00bb box_shadow_style=\u00bbpreset1&#8243;][\/et_pb_image][\/et_pb_column][et_pb_column type=\u00bb1_3&#8243; _builder_version=\u00bb4.5.1&#8243; _module_preset=\u00bbdefault\u00bb][et_pb_image src=\u00bbhttps:\/\/leviu.co\/wp-content\/uploads\/2020\/07\/LEVIU-16-114.png\u00bb title_text=\u00bbLEVIU-16-114&#8243; _builder_version=\u00bb4.5.1&#8243; _module_preset=\u00bbdefault\u00bb box_shadow_style=\u00bbpreset1&#8243;][\/et_pb_image][\/et_pb_column][et_pb_column type=\u00bb1_3&#8243; _builder_version=\u00bb4.5.1&#8243; _module_preset=\u00bbdefault\u00bb][et_pb_image src=\u00bbhttps:\/\/leviu.co\/wp-content\/uploads\/2020\/07\/LEVIU-1-scaled.jpg\u00bb title_text=\u00bbLEVIU-1&#8243; _builder_version=\u00bb4.5.1&#8243; _module_preset=\u00bbdefault\u00bb][\/et_pb_image][\/et_pb_column][\/et_pb_row][et_pb_row module_id=\u00bbprocedimientoscicatricesacne\u00bb _builder_version=\u00bb4.5.1&#8243; _module_preset=\u00bbdefault\u00bb][et_pb_column type=\u00bb4_4&#8243; _builder_version=\u00bb4.5.1&#8243; _module_preset=\u00bbdefault\u00bb][et_pb_text _builder_version=\u00bb4.5.1&#8243; _module_preset=\u00bbdefault\u00bb]<\/p>\n<h2><span style=\"color: #008080;\"><strong>Procedimientos para tratamiento de choque<\/strong><\/span><\/h2>\n<p>&nbsp;<\/p>\n<p>Otras alternativas muy efectivas que debes consultar con tu dermat\u00f3logo son:<\/p>\n<ul>\n<li><span style=\"text-decoration: underline;\">Peeling<\/span>: son tratamientos m\u00e1s especializados, que consisten en aplicar \u00e1cidos sobre el rostro. Estos deben ser aplicados y supervisados \u00fanicamente por tu dermat\u00f3logo, quien te dar\u00e1 todas las indicaciones de cuidado, ya que la piel puede quedar muy resentida y sensible.<\/li>\n<li><span style=\"text-decoration: underline;\">L\u00e1ser<\/span>: existen muchos tipos de l\u00e1ser y cual se use depender\u00e1 del tipo, tama\u00f1o y profundidad de las cicatrices. El l\u00e1ser genera peque\u00f1as lesiones que obligan a la piel a regenerar el tejido, por lo cual se da una producci\u00f3n focalizada de col\u00e1geno que puede rellenar hoyuelos de las cicatrices de acn\u00e9. Este procedimiento debe ser ejecutado por un dermat\u00f3logo.<\/li>\n<li><span style=\"text-decoration: underline;\">Dermoabrasi\u00f3n<\/span>: es una t\u00e9cnica donde se ejerce una abrasi\u00f3n uniforme, lo que estimula la producci\u00f3n de col\u00e1geno. Tambi\u00e9n debe ser ejecutada por un dermat\u00f3logo.<\/li>\n<\/ul>\n<p>[\/et_pb_text][\/et_pb_column][\/et_pb_row][\/et_pb_section]<\/p>","protected":false},"excerpt":{"rendered":"<p>Resolvemos las dudas m\u00e1s frecuentes sobre cicatrices del acn\u00e9. Te damos tips y rutinas efectivas.<\/p>","protected":false},"author":1,"featured_media":634,"comment_status":"open","ping_status":"open","sticky":false,"template":"","format":"standard","meta":{"_et_pb_use_builder":"on","_et_pb_old_content":"","_et_gb_content_width":"1080","content-type":"","_jetpack_memberships_contains_paid_content":false,"footnotes":""},"categories":[28,29,27],"tags":[],"class_list":["post-418","post","type-post","status-publish","format-standard","has-post-thumbnail","hentry","category-acne","category-hiperpigmentacionfacial","category-piel-grasa"],"jetpack_featured_media_url":"https:\/\/leviu.co\/wp-content\/uploads\/2020\/07\/LEVIU7478.jpg","jetpack_sharing_enabled":true,"_links":{"self":[{"href":"https:\/\/leviu.co\/en\/wp-json\/wp\/v2\/posts\/418","targetHints":{"allow":["GET"]}}],"collection":[{"href":"https:\/\/leviu.co\/en\/wp-json\/wp\/v2\/posts"}],"about":[{"href":"https:\/\/leviu.co\/en\/wp-json\/wp\/v2\/types\/post"}],"author":[{"embeddable":true,"href":"https:\/\/leviu.co\/en\/wp-json\/wp\/v2\/users\/1"}],"replies":[{"embeddable":true,"href":"https:\/\/leviu.co\/en\/wp-json\/wp\/v2\/comments?post=418"}],"version-history":[{"count":28,"href":"https:\/\/leviu.co\/en\/wp-json\/wp\/v2\/posts\/418\/revisions"}],"predecessor-version":[{"id":2458,"href":"https:\/\/leviu.co\/en\/wp-json\/wp\/v2\/posts\/418\/revisions\/2458"}],"wp:featuredmedia":[{"embeddable":true,"href":"https:\/\/leviu.co\/en\/wp-json\/wp\/v2\/media\/634"}],"wp:attachment":[{"href":"https:\/\/leviu.co\/en\/wp-json\/wp\/v2\/media?parent=418"}],"wp:term":[{"taxonomy":"category","embeddable":true,"href":"https:\/\/leviu.co\/en\/wp-json\/wp\/v2\/categories?post=418"},{"taxonomy":"post_tag","embeddable":true,"href":"https:\/\/leviu.co\/en\/wp-json\/wp\/v2\/tags?post=418"}],"curies":[{"name":"wp","href":"https:\/\/api.w.org\/{rel}","templated":true}]}}